{"id":2631,"date":"2021-11-29T11:30:08","date_gmt":"2021-11-29T11:30:08","guid":{"rendered":"https:\/\/africagastronomique.com\/?p=2631"},"modified":"2021-11-29T11:30:08","modified_gmt":"2021-11-29T11:30:08","slug":"%f0%9f%9a%a8%f0%9f%9a%a8-communique%f0%9f%9a%a8%f0%9f%9a%a8-4","status":"publish","type":"post","link":"https:\/\/africagastronomique.com\/en\/%f0%9f%9a%a8%f0%9f%9a%a8-communique%f0%9f%9a%a8%f0%9f%9a%a8-4\/","title":{"rendered":"\ud83d\udea8\ud83d\udea8 Communiqu\u00e9\ud83d\udea8\ud83d\udea8"},"content":{"rendered":"<p><span style=\"color: #ffffff;\">le 26 septembre 2021 nous avons pris pas au lancement de la journ\u00e9e internationale du tourisme \u00e0 l&rsquo;h\u00f4tel Semebeach Limbe<\/span><\/p>\n<p><span style=\"color: #ffffff;\">nous avons organis\u00e9 des ateliers de formation sur les menus local du Sud-Ouest Cameroun.<\/span><\/p>\n<p><span style=\"color: #ffffff;\">Cette formation a eu la participation de plus de 10 membres de l&rsquo;association et plus de 60 amoureux de la p\u00e2tisserie local<\/span><\/p>\n<p>&nbsp;<\/p>\n<p><img loading=\"lazy\" decoding=\"async\" class=\"alignnone size-medium wp-image-2632\" src=\"https:\/\/africagastronomique.com\/wp-content\/uploads\/2021\/11\/WhatsApp-Image-2021-10-22-at-10.00.20-450x450.jpeg\" alt=\"\" width=\"450\" height=\"450\" \/><\/p>","protected":false},"excerpt":{"rendered":"<p>le 26 septembre 2021 nous avons pris pas au lancement de la journ\u00e9e internationale du tourisme \u00e0 l&rsquo;h\u00f4tel Semebeach Limbe nous avons organis\u00e9 des ateliers de formation sur les menus&#8230;<\/p>","protected":false},"author":2,"featured_media":2632,"comment_status":"open","ping_status":"closed","sticky":false,"template":"","format":"standard","meta":{"footnotes":""},"categories":[89,38],"tags":[],"class_list":["post-2631","post","type-post","status-publish","format-standard","has-post-thumbnail","hentry","category-events","category-recipes"],"yoast_head":"<!-- This site is optimized with the Yoast SEO plugin v21.4 - https:\/\/yoast.com\/wordpress\/plugins\/seo\/ -->\n<title>\ud83d\udea8\ud83d\udea8 Communiqu\u00e9\ud83d\udea8\ud83d\udea8 - AFRICA GASTRONOMIQUE<\/title>\n<meta name=\"robots\" content=\"index, follow, max-snippet:-1, max-image-preview:large, max-video-preview:-1\" \/>\n<link rel=\"canonical\" href=\"https:\/\/africagastronomique.com\/en\/\ud83d\udea8\ud83d\udea8-communique\ud83d\udea8\ud83d\udea8-4\/\" \/>\n<meta property=\"og:locale\" content=\"en_US\" \/>\n<meta property=\"og:type\" content=\"article\" \/>\n<meta property=\"og:title\" content=\"\ud83d\udea8\ud83d\udea8 Communiqu\u00e9\ud83d\udea8\ud83d\udea8 - AFRICA GASTRONOMIQUE\" \/>\n<meta property=\"og:description\" content=\"le 26 septembre 2021 nous avons pris pas au lancement de la journ\u00e9e internationale du tourisme \u00e0 l&rsquo;h\u00f4tel Semebeach Limbe nous avons organis\u00e9 des ateliers de formation sur les menus...\" \/>\n<meta property=\"og:url\" content=\"https:\/\/africagastronomique.com\/en\/\ud83d\udea8\ud83d\udea8-communique\ud83d\udea8\ud83d\udea8-4\/\" \/>\n<meta property=\"og:site_name\" content=\"AFRICA GASTRONOMIQUE\" \/>\n<meta property=\"article:published_time\" content=\"2021-11-29T11:30:08+00:00\" \/>\n<meta property=\"og:image\" content=\"https:\/\/africagastronomique.com\/wp-content\/uploads\/2021\/11\/WhatsApp-Image-2021-10-22-at-10.00.20.jpeg\" \/>\n\t<meta property=\"og:image:width\" content=\"1073\" \/>\n\t<meta property=\"og:image:height\" content=\"1073\" \/>\n\t<meta property=\"og:image:type\" content=\"image\/jpeg\" \/>\n<meta name=\"twitter:card\" content=\"summary_large_image\" \/>\n<meta name=\"twitter:label1\" content=\"Written by\" \/>\n\t<meta name=\"twitter:data1\" content=\"\" \/>\n<script type=\"application\/ld+json\" class=\"yoast-schema-graph\">{\"@context\":\"https:\/\/schema.org\",\"@graph\":[{\"@type\":\"Article\",\"@id\":\"https:\/\/africagastronomique.com\/%f0%9f%9a%a8%f0%9f%9a%a8-communique%f0%9f%9a%a8%f0%9f%9a%a8-4\/#article\",\"isPartOf\":{\"@id\":\"https:\/\/africagastronomique.com\/%f0%9f%9a%a8%f0%9f%9a%a8-communique%f0%9f%9a%a8%f0%9f%9a%a8-4\/\"},\"author\":{\"name\":\"\",\"@id\":\"\"},\"headline\":\"\ud83d\udea8\ud83d\udea8 Communiqu\u00e9\ud83d\udea8\ud83d\udea8\",\"datePublished\":\"2021-11-29T11:30:08+00:00\",\"dateModified\":\"2021-11-29T11:30:08+00:00\",\"mainEntityOfPage\":{\"@id\":\"https:\/\/africagastronomique.com\/%f0%9f%9a%a8%f0%9f%9a%a8-communique%f0%9f%9a%a8%f0%9f%9a%a8-4\/\"},\"wordCount\":56,\"commentCount\":0,\"publisher\":{\"@id\":\"https:\/\/africagastronomique.com\/#organization\"},\"articleSection\":[\"Events\",\"recipes\"],\"inLanguage\":\"en-US\",\"potentialAction\":[{\"@type\":\"CommentAction\",\"name\":\"Comment\",\"target\":[\"https:\/\/africagastronomique.com\/%f0%9f%9a%a8%f0%9f%9a%a8-communique%f0%9f%9a%a8%f0%9f%9a%a8-4\/#respond\"]}]},{\"@type\":\"WebPage\",\"@id\":\"https:\/\/africagastronomique.com\/%f0%9f%9a%a8%f0%9f%9a%a8-communique%f0%9f%9a%a8%f0%9f%9a%a8-4\/\",\"url\":\"https:\/\/africagastronomique.com\/%f0%9f%9a%a8%f0%9f%9a%a8-communique%f0%9f%9a%a8%f0%9f%9a%a8-4\/\",\"name\":\"\ud83d\udea8\ud83d\udea8 Communiqu\u00e9\ud83d\udea8\ud83d\udea8 - AFRICA GASTRONOMIQUE\",\"isPartOf\":{\"@id\":\"https:\/\/africagastronomique.com\/#website\"},\"datePublished\":\"2021-11-29T11:30:08+00:00\",\"dateModified\":\"2021-11-29T11:30:08+00:00\",\"breadcrumb\":{\"@id\":\"https:\/\/africagastronomique.com\/%f0%9f%9a%a8%f0%9f%9a%a8-communique%f0%9f%9a%a8%f0%9f%9a%a8-4\/#breadcrumb\"},\"inLanguage\":\"en-US\",\"potentialAction\":[{\"@type\":\"ReadAction\",\"target\":[\"https:\/\/africagastronomique.com\/%f0%9f%9a%a8%f0%9f%9a%a8-communique%f0%9f%9a%a8%f0%9f%9a%a8-4\/\"]}]},{\"@type\":\"BreadcrumbList\",\"@id\":\"https:\/\/africagastronomique.com\/%f0%9f%9a%a8%f0%9f%9a%a8-communique%f0%9f%9a%a8%f0%9f%9a%a8-4\/#breadcrumb\",\"itemListElement\":[{\"@type\":\"ListItem\",\"position\":1,\"name\":\"Accueil\",\"item\":\"https:\/\/africagastronomique.com\/\"},{\"@type\":\"ListItem\",\"position\":2,\"name\":\"\ud83d\udea8\ud83d\udea8 Communiqu\u00e9\ud83d\udea8\ud83d\udea8\"}]},{\"@type\":\"WebSite\",\"@id\":\"https:\/\/africagastronomique.com\/#website\",\"url\":\"https:\/\/africagastronomique.com\/\",\"name\":\"AFRICA GASTRONOMIQUE\",\"description\":\"\",\"publisher\":{\"@id\":\"https:\/\/africagastronomique.com\/#organization\"},\"potentialAction\":[{\"@type\":\"SearchAction\",\"target\":{\"@type\":\"EntryPoint\",\"urlTemplate\":\"https:\/\/africagastronomique.com\/?s={search_term_string}\"},\"query-input\":\"required name=search_term_string\"}],\"inLanguage\":\"en-US\"},{\"@type\":\"Organization\",\"@id\":\"https:\/\/africagastronomique.com\/#organization\",\"name\":\"AFRICA GASTRONOMIQUE\",\"url\":\"https:\/\/africagastronomique.com\/\",\"logo\":{\"@type\":\"ImageObject\",\"inLanguage\":\"en-US\",\"@id\":\"https:\/\/africagastronomique.com\/#\/schema\/logo\/image\/\",\"url\":\"https:\/\/africagastronomique.com\/wp-content\/uploads\/2020\/01\/cropped-cropped-logoafrique.png\",\"contentUrl\":\"https:\/\/africagastronomique.com\/wp-content\/uploads\/2020\/01\/cropped-cropped-logoafrique.png\",\"width\":121,\"height\":120,\"caption\":\"AFRICA GASTRONOMIQUE\"},\"image\":{\"@id\":\"https:\/\/africagastronomique.com\/#\/schema\/logo\/image\/\"}},{\"@type\":\"Person\",\"@id\":\"\",\"url\":\"https:\/\/africagastronomique.com\/en\/author\/\"}]}<\/script>\n<!-- \/ Yoast SEO plugin. -->","yoast_head_json":{"title":"\ud83d\udea8\ud83d\udea8 Communiqu\u00e9\ud83d\udea8\ud83d\udea8 - AFRICA GASTRONOMIQUE","robots":{"index":"index","follow":"follow","max-snippet":"max-snippet:-1","max-image-preview":"max-image-preview:large","max-video-preview":"max-video-preview:-1"},"canonical":"https:\/\/africagastronomique.com\/en\/\ud83d\udea8\ud83d\udea8-communique\ud83d\udea8\ud83d\udea8-4\/","og_locale":"en_US","og_type":"article","og_title":"\ud83d\udea8\ud83d\udea8 Communiqu\u00e9\ud83d\udea8\ud83d\udea8 - AFRICA GASTRONOMIQUE","og_description":"le 26 septembre 2021 nous avons pris pas au lancement de la journ\u00e9e internationale du tourisme \u00e0 l&rsquo;h\u00f4tel Semebeach Limbe nous avons organis\u00e9 des ateliers de formation sur les menus...","og_url":"https:\/\/africagastronomique.com\/en\/\ud83d\udea8\ud83d\udea8-communique\ud83d\udea8\ud83d\udea8-4\/","og_site_name":"AFRICA GASTRONOMIQUE","article_published_time":"2021-11-29T11:30:08+00:00","og_image":[{"width":1073,"height":1073,"url":"https:\/\/africagastronomique.com\/wp-content\/uploads\/2021\/11\/WhatsApp-Image-2021-10-22-at-10.00.20.jpeg","type":"image\/jpeg"}],"twitter_card":"summary_large_image","twitter_misc":{"Written by":""},"schema":{"@context":"https:\/\/schema.org","@graph":[{"@type":"Article","@id":"https:\/\/africagastronomique.com\/%f0%9f%9a%a8%f0%9f%9a%a8-communique%f0%9f%9a%a8%f0%9f%9a%a8-4\/#article","isPartOf":{"@id":"https:\/\/africagastronomique.com\/%f0%9f%9a%a8%f0%9f%9a%a8-communique%f0%9f%9a%a8%f0%9f%9a%a8-4\/"},"author":{"name":"","@id":""},"headline":"\ud83d\udea8\ud83d\udea8 Communiqu\u00e9\ud83d\udea8\ud83d\udea8","datePublished":"2021-11-29T11:30:08+00:00","dateModified":"2021-11-29T11:30:08+00:00","mainEntityOfPage":{"@id":"https:\/\/africagastronomique.com\/%f0%9f%9a%a8%f0%9f%9a%a8-communique%f0%9f%9a%a8%f0%9f%9a%a8-4\/"},"wordCount":56,"commentCount":0,"publisher":{"@id":"https:\/\/africagastronomique.com\/#organization"},"articleSection":["Events","recipes"],"inLanguage":"en-US","potentialAction":[{"@type":"CommentAction","name":"Comment","target":["https:\/\/africagastronomique.com\/%f0%9f%9a%a8%f0%9f%9a%a8-communique%f0%9f%9a%a8%f0%9f%9a%a8-4\/#respond"]}]},{"@type":"WebPage","@id":"https:\/\/africagastronomique.com\/%f0%9f%9a%a8%f0%9f%9a%a8-communique%f0%9f%9a%a8%f0%9f%9a%a8-4\/","url":"https:\/\/africagastronomique.com\/%f0%9f%9a%a8%f0%9f%9a%a8-communique%f0%9f%9a%a8%f0%9f%9a%a8-4\/","name":"\ud83d\udea8\ud83d\udea8 Communiqu\u00e9\ud83d\udea8\ud83d\udea8 - AFRICA GASTRONOMIQUE","isPartOf":{"@id":"https:\/\/africagastronomique.com\/#website"},"datePublished":"2021-11-29T11:30:08+00:00","dateModified":"2021-11-29T11:30:08+00:00","breadcrumb":{"@id":"https:\/\/africagastronomique.com\/%f0%9f%9a%a8%f0%9f%9a%a8-communique%f0%9f%9a%a8%f0%9f%9a%a8-4\/#breadcrumb"},"inLanguage":"en-US","potentialAction":[{"@type":"ReadAction","target":["https:\/\/africagastronomique.com\/%f0%9f%9a%a8%f0%9f%9a%a8-communique%f0%9f%9a%a8%f0%9f%9a%a8-4\/"]}]},{"@type":"BreadcrumbList","@id":"https:\/\/africagastronomique.com\/%f0%9f%9a%a8%f0%9f%9a%a8-communique%f0%9f%9a%a8%f0%9f%9a%a8-4\/#breadcrumb","itemListElement":[{"@type":"ListItem","position":1,"name":"Accueil","item":"https:\/\/africagastronomique.com\/"},{"@type":"ListItem","position":2,"name":"\ud83d\udea8\ud83d\udea8 Communiqu\u00e9\ud83d\udea8\ud83d\udea8"}]},{"@type":"WebSite","@id":"https:\/\/africagastronomique.com\/#website","url":"https:\/\/africagastronomique.com\/","name":"AFRICA GASTRONOMIQUE","description":"","publisher":{"@id":"https:\/\/africagastronomique.com\/#organization"},"potentialAction":[{"@type":"SearchAction","target":{"@type":"EntryPoint","urlTemplate":"https:\/\/africagastronomique.com\/?s={search_term_string}"},"query-input":"required name=search_term_string"}],"inLanguage":"en-US"},{"@type":"Organization","@id":"https:\/\/africagastronomique.com\/#organization","name":"AFRICA GASTRONOMIQUE","url":"https:\/\/africagastronomique.com\/","logo":{"@type":"ImageObject","inLanguage":"en-US","@id":"https:\/\/africagastronomique.com\/#\/schema\/logo\/image\/","url":"https:\/\/africagastronomique.com\/wp-content\/uploads\/2020\/01\/cropped-cropped-logoafrique.png","contentUrl":"https:\/\/africagastronomique.com\/wp-content\/uploads\/2020\/01\/cropped-cropped-logoafrique.png","width":121,"height":120,"caption":"AFRICA GASTRONOMIQUE"},"image":{"@id":"https:\/\/africagastronomique.com\/#\/schema\/logo\/image\/"}},{"@type":"Person","@id":"","url":"https:\/\/africagastronomique.com\/en\/author\/"}]}},"_links":{"self":[{"href":"https:\/\/africagastronomique.com\/en\/wp-json\/wp\/v2\/posts\/2631","targetHints":{"allow":["GET"]}}],"collection":[{"href":"https:\/\/africagastronomique.com\/en\/wp-json\/wp\/v2\/posts"}],"about":[{"href":"https:\/\/africagastronomique.com\/en\/wp-json\/wp\/v2\/types\/post"}],"author":[{"embeddable":true,"href":"https:\/\/africagastronomique.com\/en\/wp-json\/wp\/v2\/users\/2"}],"replies":[{"embeddable":true,"href":"https:\/\/africagastronomique.com\/en\/wp-json\/wp\/v2\/comments?post=2631"}],"version-history":[{"count":1,"href":"https:\/\/africagastronomique.com\/en\/wp-json\/wp\/v2\/posts\/2631\/revisions"}],"predecessor-version":[{"id":2633,"href":"https:\/\/africagastronomique.com\/en\/wp-json\/wp\/v2\/posts\/2631\/revisions\/2633"}],"wp:featuredmedia":[{"embeddable":true,"href":"https:\/\/africagastronomique.com\/en\/wp-json\/wp\/v2\/media\/2632"}],"wp:attachment":[{"href":"https:\/\/africagastronomique.com\/en\/wp-json\/wp\/v2\/media?parent=2631"}],"wp:term":[{"taxonomy":"category","embeddable":true,"href":"https:\/\/africagastronomique.com\/en\/wp-json\/wp\/v2\/categories?post=2631"},{"taxonomy":"post_tag","embeddable":true,"href":"https:\/\/africagastronomique.com\/en\/wp-json\/wp\/v2\/tags?post=2631"}],"curies":[{"name":"wp","href":"https:\/\/api.w.org\/{rel}","templated":true}]}}