{"id":2560,"date":"2021-03-16T15:09:04","date_gmt":"2021-03-16T15:09:04","guid":{"rendered":"https:\/\/africagastronomique.com\/?p=2560"},"modified":"2021-03-16T15:15:24","modified_gmt":"2021-03-16T15:15:24","slug":"lassociation-africa-gastronomique-cote-divoire","status":"publish","type":"post","link":"https:\/\/africagastronomique.com\/en\/lassociation-africa-gastronomique-cote-divoire\/","title":{"rendered":"l&rsquo;association Africa Gastronomique  C\u00f4t\u00e9 d&rsquo;Ivoire."},"content":{"rendered":"<p><strong><span style=\"vertical-align: inherit;\"><span style=\"vertical-align: inherit;\">l&rsquo;association Africa Gastronomique C\u00f4t\u00e9 d&rsquo;Ivoire.<\/span><\/span><\/strong><\/p>\n<p><span style=\"vertical-align: inherit;\"><span style=\"vertical-align: inherit;\">Att\u00e9nue sa deuxi\u00e8me r\u00e9union ordinaire Le c&rsquo;est dimanche 7 mars \u00e0 Abidjan<\/span><\/span><\/p>\n<p><span style=\"vertical-align: inherit;\"><span style=\"vertical-align: inherit;\">Cette rencontre a connu la participation des nouveaux membres pour l&rsquo;association. <\/span><span style=\"vertical-align: inherit;\">le d\u00e9bat du jour qui portant sur le d\u00e9roulement des activit\u00e9s de l&rsquo;association en C\u00f4te d&rsquo;Ivoire, le <\/span><\/span><br \/>\n<span style=\"vertical-align: inherit;\"><span style=\"vertical-align: inherit;\">d\u00e9veloppement de la gastronomie africaine et la valorisation des produits locaux made in c\u00f4t\u00e9 d&rsquo;Ivoire.<\/span><\/span><\/p>\n<p>&nbsp;<\/p>\n<p>&nbsp;<\/p>\n<p>&nbsp;<\/p>\n<p><span style=\"vertical-align: inherit;\"><span style=\"vertical-align: inherit;\">Ensemble d\u00e9veloppons de la cuisine ancestrale africaine<\/span><\/span><\/p>\n<p><span style=\"vertical-align: inherit;\"><span style=\"vertical-align: inherit;\">Salutations Cordiales<\/span><\/span><\/p>\n<div style=\"width: 640px;\" class=\"wp-video\"><video class=\"wp-video-shortcode\" id=\"video-2560-1\" width=\"640\" height=\"352\" preload=\"metadata\" controls=\"controls\"><source type=\"video\/mp4\" src=\"https:\/\/africagastronomique.com\/wp-content\/uploads\/2021\/03\/WhatsApp-Video-2021-03-15-at-11.20.58.mp4?_=1\" \/><a href=\"https:\/\/africagastronomique.com\/wp-content\/uploads\/2021\/03\/WhatsApp-Video-2021-03-15-at-11.20.58.mp4\">https:\/\/africagastronomique.com\/wp-content\/uploads\/2021\/03\/WhatsApp-Video-2021-03-15-at-11.20.58.mp4<\/a><\/video><\/div>","protected":false},"excerpt":{"rendered":"<p>l&rsquo;association Africa Gastronomique C\u00f4t\u00e9 d&rsquo;Ivoire. Att\u00e9nue sa deuxi\u00e8me r\u00e9union ordinaire Le c&rsquo;est dimanche 7 mars \u00e0 Abidjan Cette rencontre a connu la participation des nouveaux membres pour l&rsquo;association. le d\u00e9bat&#8230;<\/p>","protected":false},"author":2,"featured_media":2563,"comment_status":"open","ping_status":"closed","sticky":false,"template":"","format":"standard","meta":{"footnotes":""},"categories":[1],"tags":[],"class_list":["post-2560","post","type-post","status-publish","format-standard","has-post-thumbnail","hentry","category-foundation"],"yoast_head":"<!-- This site is optimized with the Yoast SEO plugin v21.4 - https:\/\/yoast.com\/wordpress\/plugins\/seo\/ -->\n<title>l&#039;association Africa Gastronomique C\u00f4t\u00e9 d&#039;Ivoire. - AFRICA GASTRONOMIQUE<\/title>\n<meta name=\"robots\" content=\"index, follow, max-snippet:-1, max-image-preview:large, max-video-preview:-1\" \/>\n<link rel=\"canonical\" href=\"https:\/\/africagastronomique.com\/en\/lassociation-africa-gastronomique-cote-divoire\/\" \/>\n<meta property=\"og:locale\" content=\"en_US\" \/>\n<meta property=\"og:type\" content=\"article\" \/>\n<meta property=\"og:title\" content=\"l&#039;association Africa Gastronomique C\u00f4t\u00e9 d&#039;Ivoire. - AFRICA GASTRONOMIQUE\" \/>\n<meta property=\"og:description\" content=\"l&rsquo;association Africa Gastronomique C\u00f4t\u00e9 d&rsquo;Ivoire. Att\u00e9nue sa deuxi\u00e8me r\u00e9union ordinaire Le c&rsquo;est dimanche 7 mars \u00e0 Abidjan Cette rencontre a connu la participation des nouveaux membres pour l&rsquo;association. le d\u00e9bat...\" \/>\n<meta property=\"og:url\" content=\"https:\/\/africagastronomique.com\/en\/lassociation-africa-gastronomique-cote-divoire\/\" \/>\n<meta property=\"og:site_name\" content=\"AFRICA GASTRONOMIQUE\" \/>\n<meta property=\"article:published_time\" content=\"2021-03-16T15:09:04+00:00\" \/>\n<meta property=\"article:modified_time\" content=\"2021-03-16T15:15:24+00:00\" \/>\n<meta property=\"og:image\" content=\"https:\/\/africagastronomique.com\/wp-content\/uploads\/2021\/03\/WhatsApp-Image-2021-03-15-at-11.20.58.jpeg\" \/>\n\t<meta property=\"og:image:width\" content=\"872\" \/>\n\t<meta property=\"og:image:height\" content=\"513\" \/>\n\t<meta property=\"og:image:type\" content=\"image\/jpeg\" \/>\n<meta name=\"twitter:card\" content=\"summary_large_image\" \/>\n<meta name=\"twitter:label1\" content=\"Written by\" \/>\n\t<meta name=\"twitter:data1\" content=\"\" \/>\n<script type=\"application\/ld+json\" class=\"yoast-schema-graph\">{\"@context\":\"https:\/\/schema.org\",\"@graph\":[{\"@type\":\"Article\",\"@id\":\"https:\/\/africagastronomique.com\/lassociation-africa-gastronomique-cote-divoire\/#article\",\"isPartOf\":{\"@id\":\"https:\/\/africagastronomique.com\/lassociation-africa-gastronomique-cote-divoire\/\"},\"author\":{\"name\":\"\",\"@id\":\"\"},\"headline\":\"l&rsquo;association Africa Gastronomique C\u00f4t\u00e9 d&rsquo;Ivoire.\",\"datePublished\":\"2021-03-16T15:09:04+00:00\",\"dateModified\":\"2021-03-16T15:15:24+00:00\",\"mainEntityOfPage\":{\"@id\":\"https:\/\/africagastronomique.com\/lassociation-africa-gastronomique-cote-divoire\/\"},\"wordCount\":102,\"commentCount\":0,\"publisher\":{\"@id\":\"https:\/\/africagastronomique.com\/#organization\"},\"articleSection\":[\"Foundation\"],\"inLanguage\":\"en-US\",\"potentialAction\":[{\"@type\":\"CommentAction\",\"name\":\"Comment\",\"target\":[\"https:\/\/africagastronomique.com\/lassociation-africa-gastronomique-cote-divoire\/#respond\"]}]},{\"@type\":\"WebPage\",\"@id\":\"https:\/\/africagastronomique.com\/lassociation-africa-gastronomique-cote-divoire\/\",\"url\":\"https:\/\/africagastronomique.com\/lassociation-africa-gastronomique-cote-divoire\/\",\"name\":\"l'association Africa Gastronomique C\u00f4t\u00e9 d'Ivoire. - AFRICA GASTRONOMIQUE\",\"isPartOf\":{\"@id\":\"https:\/\/africagastronomique.com\/#website\"},\"datePublished\":\"2021-03-16T15:09:04+00:00\",\"dateModified\":\"2021-03-16T15:15:24+00:00\",\"breadcrumb\":{\"@id\":\"https:\/\/africagastronomique.com\/lassociation-africa-gastronomique-cote-divoire\/#breadcrumb\"},\"inLanguage\":\"en-US\",\"potentialAction\":[{\"@type\":\"ReadAction\",\"target\":[\"https:\/\/africagastronomique.com\/lassociation-africa-gastronomique-cote-divoire\/\"]}]},{\"@type\":\"BreadcrumbList\",\"@id\":\"https:\/\/africagastronomique.com\/lassociation-africa-gastronomique-cote-divoire\/#breadcrumb\",\"itemListElement\":[{\"@type\":\"ListItem\",\"position\":1,\"name\":\"Accueil\",\"item\":\"https:\/\/africagastronomique.com\/\"},{\"@type\":\"ListItem\",\"position\":2,\"name\":\"l&rsquo;association Africa Gastronomique C\u00f4t\u00e9 d&rsquo;Ivoire.\"}]},{\"@type\":\"WebSite\",\"@id\":\"https:\/\/africagastronomique.com\/#website\",\"url\":\"https:\/\/africagastronomique.com\/\",\"name\":\"AFRICA GASTRONOMIQUE\",\"description\":\"\",\"publisher\":{\"@id\":\"https:\/\/africagastronomique.com\/#organization\"},\"potentialAction\":[{\"@type\":\"SearchAction\",\"target\":{\"@type\":\"EntryPoint\",\"urlTemplate\":\"https:\/\/africagastronomique.com\/?s={search_term_string}\"},\"query-input\":\"required name=search_term_string\"}],\"inLanguage\":\"en-US\"},{\"@type\":\"Organization\",\"@id\":\"https:\/\/africagastronomique.com\/#organization\",\"name\":\"AFRICA GASTRONOMIQUE\",\"url\":\"https:\/\/africagastronomique.com\/\",\"logo\":{\"@type\":\"ImageObject\",\"inLanguage\":\"en-US\",\"@id\":\"https:\/\/africagastronomique.com\/#\/schema\/logo\/image\/\",\"url\":\"https:\/\/africagastronomique.com\/wp-content\/uploads\/2020\/01\/cropped-cropped-logoafrique.png\",\"contentUrl\":\"https:\/\/africagastronomique.com\/wp-content\/uploads\/2020\/01\/cropped-cropped-logoafrique.png\",\"width\":121,\"height\":120,\"caption\":\"AFRICA GASTRONOMIQUE\"},\"image\":{\"@id\":\"https:\/\/africagastronomique.com\/#\/schema\/logo\/image\/\"}},{\"@type\":\"Person\",\"@id\":\"\",\"url\":\"https:\/\/africagastronomique.com\/en\/author\/\"}]}<\/script>\n<!-- \/ Yoast SEO plugin. -->","yoast_head_json":{"title":"l'association Africa Gastronomique C\u00f4t\u00e9 d'Ivoire. - AFRICA GASTRONOMIQUE","robots":{"index":"index","follow":"follow","max-snippet":"max-snippet:-1","max-image-preview":"max-image-preview:large","max-video-preview":"max-video-preview:-1"},"canonical":"https:\/\/africagastronomique.com\/en\/lassociation-africa-gastronomique-cote-divoire\/","og_locale":"en_US","og_type":"article","og_title":"l'association Africa Gastronomique C\u00f4t\u00e9 d'Ivoire. - AFRICA GASTRONOMIQUE","og_description":"l&rsquo;association Africa Gastronomique C\u00f4t\u00e9 d&rsquo;Ivoire. Att\u00e9nue sa deuxi\u00e8me r\u00e9union ordinaire Le c&rsquo;est dimanche 7 mars \u00e0 Abidjan Cette rencontre a connu la participation des nouveaux membres pour l&rsquo;association. le d\u00e9bat...","og_url":"https:\/\/africagastronomique.com\/en\/lassociation-africa-gastronomique-cote-divoire\/","og_site_name":"AFRICA GASTRONOMIQUE","article_published_time":"2021-03-16T15:09:04+00:00","article_modified_time":"2021-03-16T15:15:24+00:00","og_image":[{"width":872,"height":513,"url":"https:\/\/africagastronomique.com\/wp-content\/uploads\/2021\/03\/WhatsApp-Image-2021-03-15-at-11.20.58.jpeg","type":"image\/jpeg"}],"twitter_card":"summary_large_image","twitter_misc":{"Written by":""},"schema":{"@context":"https:\/\/schema.org","@graph":[{"@type":"Article","@id":"https:\/\/africagastronomique.com\/lassociation-africa-gastronomique-cote-divoire\/#article","isPartOf":{"@id":"https:\/\/africagastronomique.com\/lassociation-africa-gastronomique-cote-divoire\/"},"author":{"name":"","@id":""},"headline":"l&rsquo;association Africa Gastronomique C\u00f4t\u00e9 d&rsquo;Ivoire.","datePublished":"2021-03-16T15:09:04+00:00","dateModified":"2021-03-16T15:15:24+00:00","mainEntityOfPage":{"@id":"https:\/\/africagastronomique.com\/lassociation-africa-gastronomique-cote-divoire\/"},"wordCount":102,"commentCount":0,"publisher":{"@id":"https:\/\/africagastronomique.com\/#organization"},"articleSection":["Foundation"],"inLanguage":"en-US","potentialAction":[{"@type":"CommentAction","name":"Comment","target":["https:\/\/africagastronomique.com\/lassociation-africa-gastronomique-cote-divoire\/#respond"]}]},{"@type":"WebPage","@id":"https:\/\/africagastronomique.com\/lassociation-africa-gastronomique-cote-divoire\/","url":"https:\/\/africagastronomique.com\/lassociation-africa-gastronomique-cote-divoire\/","name":"l'association Africa Gastronomique C\u00f4t\u00e9 d'Ivoire. - AFRICA GASTRONOMIQUE","isPartOf":{"@id":"https:\/\/africagastronomique.com\/#website"},"datePublished":"2021-03-16T15:09:04+00:00","dateModified":"2021-03-16T15:15:24+00:00","breadcrumb":{"@id":"https:\/\/africagastronomique.com\/lassociation-africa-gastronomique-cote-divoire\/#breadcrumb"},"inLanguage":"en-US","potentialAction":[{"@type":"ReadAction","target":["https:\/\/africagastronomique.com\/lassociation-africa-gastronomique-cote-divoire\/"]}]},{"@type":"BreadcrumbList","@id":"https:\/\/africagastronomique.com\/lassociation-africa-gastronomique-cote-divoire\/#breadcrumb","itemListElement":[{"@type":"ListItem","position":1,"name":"Accueil","item":"https:\/\/africagastronomique.com\/"},{"@type":"ListItem","position":2,"name":"l&rsquo;association Africa Gastronomique C\u00f4t\u00e9 d&rsquo;Ivoire."}]},{"@type":"WebSite","@id":"https:\/\/africagastronomique.com\/#website","url":"https:\/\/africagastronomique.com\/","name":"AFRICA GASTRONOMIQUE","description":"","publisher":{"@id":"https:\/\/africagastronomique.com\/#organization"},"potentialAction":[{"@type":"SearchAction","target":{"@type":"EntryPoint","urlTemplate":"https:\/\/africagastronomique.com\/?s={search_term_string}"},"query-input":"required name=search_term_string"}],"inLanguage":"en-US"},{"@type":"Organization","@id":"https:\/\/africagastronomique.com\/#organization","name":"AFRICA GASTRONOMIQUE","url":"https:\/\/africagastronomique.com\/","logo":{"@type":"ImageObject","inLanguage":"en-US","@id":"https:\/\/africagastronomique.com\/#\/schema\/logo\/image\/","url":"https:\/\/africagastronomique.com\/wp-content\/uploads\/2020\/01\/cropped-cropped-logoafrique.png","contentUrl":"https:\/\/africagastronomique.com\/wp-content\/uploads\/2020\/01\/cropped-cropped-logoafrique.png","width":121,"height":120,"caption":"AFRICA GASTRONOMIQUE"},"image":{"@id":"https:\/\/africagastronomique.com\/#\/schema\/logo\/image\/"}},{"@type":"Person","@id":"","url":"https:\/\/africagastronomique.com\/en\/author\/"}]}},"_links":{"self":[{"href":"https:\/\/africagastronomique.com\/en\/wp-json\/wp\/v2\/posts\/2560","targetHints":{"allow":["GET"]}}],"collection":[{"href":"https:\/\/africagastronomique.com\/en\/wp-json\/wp\/v2\/posts"}],"about":[{"href":"https:\/\/africagastronomique.com\/en\/wp-json\/wp\/v2\/types\/post"}],"author":[{"embeddable":true,"href":"https:\/\/africagastronomique.com\/en\/wp-json\/wp\/v2\/users\/2"}],"replies":[{"embeddable":true,"href":"https:\/\/africagastronomique.com\/en\/wp-json\/wp\/v2\/comments?post=2560"}],"version-history":[{"count":3,"href":"https:\/\/africagastronomique.com\/en\/wp-json\/wp\/v2\/posts\/2560\/revisions"}],"predecessor-version":[{"id":2565,"href":"https:\/\/africagastronomique.com\/en\/wp-json\/wp\/v2\/posts\/2560\/revisions\/2565"}],"wp:featuredmedia":[{"embeddable":true,"href":"https:\/\/africagastronomique.com\/en\/wp-json\/wp\/v2\/media\/2563"}],"wp:attachment":[{"href":"https:\/\/africagastronomique.com\/en\/wp-json\/wp\/v2\/media?parent=2560"}],"wp:term":[{"taxonomy":"category","embeddable":true,"href":"https:\/\/africagastronomique.com\/en\/wp-json\/wp\/v2\/categories?post=2560"},{"taxonomy":"post_tag","embeddable":true,"href":"https:\/\/africagastronomique.com\/en\/wp-json\/wp\/v2\/tags?post=2560"}],"curies":[{"name":"wp","href":"https:\/\/api.w.org\/{rel}","templated":true}]}}